{"id":49,"date":"2018-07-30T12:41:38","date_gmt":"2018-07-30T10:41:38","guid":{"rendered":"https:\/\/instudies-initiativ.blogs.ruhr-uni-bochum.de\/?p=49"},"modified":"2018-07-30T12:41:38","modified_gmt":"2018-07-30T10:41:38","slug":"aktionstage-2018","status":"publish","type":"post","link":"https:\/\/instudies-initiativ.blogs.ruhr-uni-bochum.de\/?p=49","title":{"rendered":"Aktionstage 2018"},"content":{"rendered":"<h2>Studentischer Ideenwettbewerb:<br \/>\nDokumentation der Aktionswoche im Mai 2018<\/h2>\n<p>Vom 7. bis 9. Mai 2018 fanden im Universit\u00e4tsforum Ost (UFO) die diesj\u00e4hrigen Aktionstage statt. Hier konnten Studierende einen Einblick in laufende Initiativprojekte bekommen, andere Studierende kennenlernen und eigene Ideen entwickeln. Die Aktionstage werden jedes Jahr im Rahmen des Ideenwettbewerbs von inSTUDIESplus veranstaltet, um f\u00fcr neue studentische Initiativprojekte zu werben. Mit Plakaten, Flyern und Presseinformationen wird campusweit zu dieser Veranstaltung eingeladen. Die Beitr\u00e4ge lassen unter dem Reiter Pressespiegel finden.<\/p>\n<p>Am 7. Mai 2018, nachmittags ab 16.00h ging es los. Auf der Agenda wurde der Tagesablauf vorgestellt:<\/p>\n<ul>\n<li>Begr\u00fc\u00dfung und Vorstellung der Projekte<\/li>\n<li>Projektaustausch (3*10 Min.)<\/li>\n<li>Projektaustausch<\/li>\n<li>Zusammenfassung und Abschluss<\/li>\n<\/ul>\n<h4><strong>Inspirieren lassen!<\/strong><\/h4>\n<h4>Austausch mit studentischen Projekten<\/h4>\n<p>Den ersten Tag konnten Studierende nutzen, um die laufenden Initiativprojekte kennenzulernen und sich inspirieren zu lassen. Die Projektteams pr\u00e4sentierten ihre Projekte, beantworteten Fragen und gaben Impulse f\u00fcr die interessierten G\u00e4ste.<\/p>\n<p>Nach der Er\u00f6ffnung und Begr\u00fc\u00dfung durch Dr. Andrea Koch-Thiele (Leiterin des Ma\u00dfnahmenfelds &#8222;Initiativ handeln&#8220;), stellten sich sieben Projekte mit Postern, Plakaten und Flyern kurz vor. Im Anschluss gab es mehrere Rundg\u00e4nge, um mit den einzelnen Projekten und den verantwortlichen Studierenden ins Gespr\u00e4ch zu kommen. Daneben wurden auch die M\u00f6glichkeiten zur Teilnahme am laufenden Wettbewerb und das Verfahren zur Antragstellung, Begutachtung und Bewilligung vorgestellt. Der erste Tag ging mit einer gemeinsamen Reflexion in offener Runde zu Ende und es gab viel positive Resonanz auf die Pr\u00e4sentationen und Gespr\u00e4che.<\/p>\n<h4><strong>Ideen verfeinern!<\/strong><br \/>\nIdeenworkshop<\/h4>\n<p>Der zweite Aktionstag widmete sich der Ideenentwicklung. Unter der Leitung von Karsten Altenschmidt fand ein Ideenworkshop statt, in dem erste Projektideen und Vorhaben weiterentwickelt und verfeinert werden konnten. Begonnen mit einfachen Assoziations\u00fcbungen ging der Nachmittag schnell in eine intensive Auseinandersetzung mit den eigenen Zielen und den geplanten Vorhaben \u00fcber. Bei den Studierenden traf dieses Format auf hohe Zustimmung: Viele Studierende fanden den Workshop \u201esehr hilfreich\u201c und \u201esuper, direkt konkretes Feedback auf die Idee16.07.2018trong&gt;<\/p>\n<h4><strong>Antragsreif machen!<br \/>\n<\/strong>Von der Idee zur Projektskizze \u2013 Beratung<\/h4>\n<p>F\u00fcr den letzten Aktionstag am 9. Mai war geplant, die interessierten Studierenden bei der Entwicklung ihrer Projekte zu unterst\u00fctzen. Es wurde eine Beratung angeboten insbesondere zu Fragen zum Projektplan, zur Kalkulation der Finanzen, zu Fortbildungsm\u00f6glichkeiten, zu Modulen im Optionalbereich sowie zu Werbung und \u00d6ffentlichkeitsarbeit. Die Studierenden kamen an diesem Nachmittag mit ihren Fragen zum Wettbewerb und bekamen Hilfestellungen und Antworten f\u00fcr ihre konkreten Projektantr\u00e4ge. Dies wurde ebenfalls sehr positiv von den Studierenden aufgefasst, da die Beratung der verschiedenen Themen einem Ort geb\u00fcndelt angeboten wurde.<\/p>\n<h4>Feedback zur Aktionswoche<\/h4>\n<p>Insgesamt verliefen die Aktionstage sehr produktiv und stie\u00dfen bei den Studierenden auf gro\u00dfen Zuspruch:<\/p>\n<p><!--\/> Start Photogallery--><\/p>\n","protected":false},"excerpt":{"rendered":"<p>Studentischer Ideenwettbewerb: Dokumentation der Aktionswoche im Mai 2018 Vom 7. bis 9. Mai 2018 fanden im Universit\u00e4tsforum Ost (UFO) die diesj\u00e4hrigen Aktionstage statt. Hier konnten Studierende einen Einblick in laufende Initiativprojekte bekommen, andere Studierende kennenlernen und eigene Ideen entwickeln. Die Aktionstage werden jedes Jahr im Rahmen des Ideenwettbewerbs von inSTUDIESplus veranstaltet, um f\u00fcr neue studentische &hellip; <\/p>\n<p class=\"link-more\"><a href=\"https:\/\/instudies-initiativ.blogs.ruhr-uni-bochum.de\/?p=49\" class=\"more-link\"><span class=\"screen-reader-text\">\u201eAktionstage 2018\u201c <\/span>weiterlesen<\/a><\/p>\n","protected":false},"author":7,"featured_media":39,"comment_status":"open","ping_status":"open","sticky":false,"template":"","format":"standard","meta":{"footnotes":""},"categories":[5,6,4],"tags":[],"class_list":["post-49","post","type-post","status-publish","format-standard","has-post-thumbnail","hentry","category-aktionstag","category-ufo","category-veranstaltungen"],"_links":{"self":[{"href":"https:\/\/instudies-initiativ.blogs.ruhr-uni-bochum.de\/index.php?rest_route=\/wp\/v2\/posts\/49","targetHints":{"allow":["GET"]}}],"collection":[{"href":"https:\/\/instudies-initiativ.blogs.ruhr-uni-bochum.de\/index.php?rest_route=\/wp\/v2\/posts"}],"about":[{"href":"https:\/\/instudies-initiativ.blogs.ruhr-uni-bochum.de\/index.php?rest_route=\/wp\/v2\/types\/post"}],"author":[{"embeddable":true,"href":"https:\/\/instudies-initiativ.blogs.ruhr-uni-bochum.de\/index.php?rest_route=\/wp\/v2\/users\/7"}],"replies":[{"embeddable":true,"href":"https:\/\/instudies-initiativ.blogs.ruhr-uni-bochum.de\/index.php?rest_route=%2Fwp%2Fv2%2Fcomments&post=49"}],"version-history":[{"count":1,"href":"https:\/\/instudies-initiativ.blogs.ruhr-uni-bochum.de\/index.php?rest_route=\/wp\/v2\/posts\/49\/revisions"}],"predecessor-version":[{"id":50,"href":"https:\/\/instudies-initiativ.blogs.ruhr-uni-bochum.de\/index.php?rest_route=\/wp\/v2\/posts\/49\/revisions\/50"}],"wp:featuredmedia":[{"embeddable":true,"href":"https:\/\/instudies-initiativ.blogs.ruhr-uni-bochum.de\/index.php?rest_route=\/wp\/v2\/media\/39"}],"wp:attachment":[{"href":"https:\/\/instudies-initiativ.blogs.ruhr-uni-bochum.de\/index.php?rest_route=%2Fwp%2Fv2%2Fmedia&parent=49"}],"wp:term":[{"taxonomy":"category","embeddable":true,"href":"https:\/\/instudies-initiativ.blogs.ruhr-uni-bochum.de\/index.php?rest_route=%2Fwp%2Fv2%2Fcategories&post=49"},{"taxonomy":"post_tag","embeddable":true,"href":"https:\/\/instudies-initiativ.blogs.ruhr-uni-bochum.de\/index.php?rest_route=%2Fwp%2Fv2%2Ftags&post=49"}],"curies":[{"name":"wp","href":"https:\/\/api.w.org\/{rel}","templated":true}]}}